{"id":705,"date":"2023-04-07T23:17:36","date_gmt":"2023-04-07T21:17:36","guid":{"rendered":"http:\/\/heidegritgroening.de\/?p=705"},"modified":"2023-04-29T22:54:42","modified_gmt":"2023-04-29T20:54:42","slug":"termine-im-april-2023","status":"publish","type":"post","link":"http:\/\/heidegritgroening.de\/?p=705","title":{"rendered":"Termine im April 2023"},"content":{"rendered":"\n<p><strong><em><mark class=\"has-inline-color has-vivid-cyan-blue-color\">FormArt<\/mark><\/em><\/strong><\/p>\n\n\n\n<p><\/p>\n\n\n\n<p>INTERNATIONALE KUNSTAUSSTELLUNG<\/p>\n\n\n\n<p><strong>Samstag 22. und Sonntag 23. April  von 11 &#8211; 18 Uhr<\/strong><\/p>\n\n\n\n<p><strong>Vernissage Freitag 21. April um 19:30 Uhr<\/strong><\/p>\n\n\n\n<p>Marcellin-Verbe-Haus, Markt 2, 21509 Glinde<\/p>\n\n\n\n<p>Weitere Informationen und die Liste der Ausstellenden K\u00fcnstler unter www.hkglinde.de<\/p>\n\n\n\n<figure class=\"wp-block-image size-large is-resized\"><img loading=\"lazy\" decoding=\"async\" src=\"http:\/\/heidegritgroening.de\/wp-content\/uploads\/2023\/04\/1_Living-with-the-port-hamburg-1x1m-1024x1024.jpg\" alt=\"\" class=\"wp-image-727\" width=\"467\" height=\"467\" srcset=\"http:\/\/heidegritgroening.de\/wp-content\/uploads\/2023\/04\/1_Living-with-the-port-hamburg-1x1m-1024x1024.jpg 1024w, http:\/\/heidegritgroening.de\/wp-content\/uploads\/2023\/04\/1_Living-with-the-port-hamburg-1x1m-500x500.jpg 500w, http:\/\/heidegritgroening.de\/wp-content\/uploads\/2023\/04\/1_Living-with-the-port-hamburg-1x1m-150x150.jpg 150w, http:\/\/heidegritgroening.de\/wp-content\/uploads\/2023\/04\/1_Living-with-the-port-hamburg-1x1m-768x768.jpg 768w, http:\/\/heidegritgroening.de\/wp-content\/uploads\/2023\/04\/1_Living-with-the-port-hamburg-1x1m-1536x1536.jpg 1536w, http:\/\/heidegritgroening.de\/wp-content\/uploads\/2023\/04\/1_Living-with-the-port-hamburg-1x1m-2048x2048.jpg 2048w, http:\/\/heidegritgroening.de\/wp-content\/uploads\/2023\/04\/1_Living-with-the-port-hamburg-1x1m-400x400.jpg 400w, http:\/\/heidegritgroening.de\/wp-content\/uploads\/2023\/04\/1_Living-with-the-port-hamburg-1x1m-480x480.jpg 480w, http:\/\/heidegritgroening.de\/wp-content\/uploads\/2023\/04\/1_Living-with-the-port-hamburg-1x1m-960x960.jpg 960w, http:\/\/heidegritgroening.de\/wp-content\/uploads\/2023\/04\/1_Living-with-the-port-hamburg-1x1m-750x750.jpg 750w, http:\/\/heidegritgroening.de\/wp-content\/uploads\/2023\/04\/1_Living-with-the-port-hamburg-1x1m-1500x1500.jpg 1500w, http:\/\/heidegritgroening.de\/wp-content\/uploads\/2023\/04\/1_Living-with-the-port-hamburg-1x1m-600x600.jpg 600w, http:\/\/heidegritgroening.de\/wp-content\/uploads\/2023\/04\/1_Living-with-the-port-hamburg-1x1m-50x50.jpg 50w\" sizes=\"auto, (max-width: 467px) 100vw, 467px\" \/><figcaption class=\"wp-element-caption\">Gegenlicht, Acryl auf Leinwand, 1x1m<\/figcaption><\/figure>\n\n\n\n<p><\/p>\n\n\n\n<p><\/p>\n\n\n\n<p><strong><mark class=\"has-inline-color has-vivid-cyan-blue-color\">Offenes Atelier SPO<\/mark><\/strong><\/p>\n\n\n\n<p><\/p>\n\n\n\n<p><strong>Sa \/ So   15. \/ 16. April<\/strong> und <strong>Sa \/ So    29. \/ 30. April<\/strong><\/p>\n\n\n\n<p>jeweils von 11- 18 Uhr,  Bahnhofstr. 7, 25826 St. Peter-Ording<\/p>\n\n\n\n<p>Am 16. 4. und 30. 4 \u00f6ffnen gleichzeitig K\u00fcnstlerinnen der Gruppe &#8222;Kunstkiek&#8220;, SPO, ihre Ateliers (Frauke Petersen, Gisela Schmidt). Wir tauschen f\u00fcr diesen Tag Werke aus. <\/p>\n\n\n\n<p>Ich freue mich \u00fcber regen Besuch bei meinen \/ unseren Veranstaltungen.<\/p>\n\n\n\n<figure class=\"wp-block-image size-large\"><img loading=\"lazy\" decoding=\"async\" width=\"1024\" height=\"758\" src=\"http:\/\/heidegritgroening.de\/wp-content\/uploads\/2023\/04\/IFischerhaeuser_60x80-2022-2-1024x758.jpg\" alt=\"\" class=\"wp-image-718\" srcset=\"http:\/\/heidegritgroening.de\/wp-content\/uploads\/2023\/04\/IFischerhaeuser_60x80-2022-2-1024x758.jpg 1024w, http:\/\/heidegritgroening.de\/wp-content\/uploads\/2023\/04\/IFischerhaeuser_60x80-2022-2-500x370.jpg 500w, http:\/\/heidegritgroening.de\/wp-content\/uploads\/2023\/04\/IFischerhaeuser_60x80-2022-2-768x569.jpg 768w, http:\/\/heidegritgroening.de\/wp-content\/uploads\/2023\/04\/IFischerhaeuser_60x80-2022-2-1536x1137.jpg 1536w, http:\/\/heidegritgroening.de\/wp-content\/uploads\/2023\/04\/IFischerhaeuser_60x80-2022-2-2048x1517.jpg 2048w, http:\/\/heidegritgroening.de\/wp-content\/uploads\/2023\/04\/IFischerhaeuser_60x80-2022-2-540x400.jpg 540w, http:\/\/heidegritgroening.de\/wp-content\/uploads\/2023\/04\/IFischerhaeuser_60x80-2022-2-750x555.jpg 750w, http:\/\/heidegritgroening.de\/wp-content\/uploads\/2023\/04\/IFischerhaeuser_60x80-2022-2-1500x1111.jpg 1500w\" sizes=\"auto, (max-width: 1024px) 100vw, 1024px\" \/><figcaption class=\"wp-element-caption\">Fischerh\u00e4user, 60x80cm<\/figcaption><\/figure>\n","protected":false},"excerpt":{"rendered":"<p>FormArt INTERNATIONALE KUNSTAUSSTELLUNG Samstag 22. und Sonntag 23. April von 11 &#8211; 18 Uhr Vernissage Freitag 21. April um 19:30 Uhr Marcellin-Verbe-Haus, Markt 2, 21509 Glinde Weitere Informationen und die Liste der Ausstellenden K\u00fcnstler unter www.hkglinde.de Offenes Atelier SPO Sa \/ So 15. \/ 16. April und Sa \/ So 29. \/ 30. April jeweils von 11- 18 Uhr, Bahnhofstr. 7, 25826 St. Peter-Ording Am 16. 4. und 30. 4 \u00f6ffnen gleichzeitig K\u00fcnstlerinnen der Gruppe &#8222;Kunstkiek&#8220;, SPO, ihre Ateliers (Frauke<a class=\"entry-more\" href=\"http:\/\/heidegritgroening.de\/?p=705\">Read more<\/a><\/p>\n","protected":false},"author":2,"featured_media":724,"comment_status":"closed","ping_status":"closed","sticky":false,"template":"","format":"standard","meta":{"footnotes":""},"categories":[1],"tags":[189,190,16,18],"class_list":["post-705","post","type-post","status-publish","format-standard","has-post-thumbnail","hentry","category-allgemein","tag-formart","tag-glinde","tag-kunst","tag-malerei"],"_links":{"self":[{"href":"http:\/\/heidegritgroening.de\/index.php?rest_route=\/wp\/v2\/posts\/705","targetHints":{"allow":["GET"]}}],"collection":[{"href":"http:\/\/heidegritgroening.de\/index.php?rest_route=\/wp\/v2\/posts"}],"about":[{"href":"http:\/\/heidegritgroening.de\/index.php?rest_route=\/wp\/v2\/types\/post"}],"author":[{"embeddable":true,"href":"http:\/\/heidegritgroening.de\/index.php?rest_route=\/wp\/v2\/users\/2"}],"replies":[{"embeddable":true,"href":"http:\/\/heidegritgroening.de\/index.php?rest_route=%2Fwp%2Fv2%2Fcomments&post=705"}],"version-history":[{"count":6,"href":"http:\/\/heidegritgroening.de\/index.php?rest_route=\/wp\/v2\/posts\/705\/revisions"}],"predecessor-version":[{"id":730,"href":"http:\/\/heidegritgroening.de\/index.php?rest_route=\/wp\/v2\/posts\/705\/revisions\/730"}],"wp:featuredmedia":[{"embeddable":true,"href":"http:\/\/heidegritgroening.de\/index.php?rest_route=\/wp\/v2\/media\/724"}],"wp:attachment":[{"href":"http:\/\/heidegritgroening.de\/index.php?rest_route=%2Fwp%2Fv2%2Fmedia&parent=705"}],"wp:term":[{"taxonomy":"category","embeddable":true,"href":"http:\/\/heidegritgroening.de\/index.php?rest_route=%2Fwp%2Fv2%2Fcategories&post=705"},{"taxonomy":"post_tag","embeddable":true,"href":"http:\/\/heidegritgroening.de\/index.php?rest_route=%2Fwp%2Fv2%2Ftags&post=705"}],"curies":[{"name":"wp","href":"https:\/\/api.w.org\/{rel}","templated":true}]}}