{"id":699,"date":"2023-01-10T19:59:33","date_gmt":"2023-01-10T18:59:33","guid":{"rendered":"http:\/\/heidegritgroening.de\/?p=699"},"modified":"2023-04-29T22:56:21","modified_gmt":"2023-04-29T20:56:21","slug":"einladung-zur-boot-2023","status":"publish","type":"post","link":"http:\/\/heidegritgroening.de\/?p=699","title":{"rendered":"Einladung zur &#8222;boot 2023&#8220;"},"content":{"rendered":"\n<p><strong>21. \u2013 29. 1. 2023<\/strong><br><strong>boot \/ D\u00fcsseldorf, Internationale Bootsmesse<br><\/strong><em>\u2013 Maritime Kunst&nbsp;\u2013<\/em><br>Stand: Halle 070, 70B16, Messe D\u00fcsseldorf<br>Ge\u00f6ffnet: t\u00e4glich von 10 \u2013 18 Uhr<\/p>\n\n\n\n<figure class=\"wp-block-image size-large is-resized\"><img loading=\"lazy\" decoding=\"async\" src=\"http:\/\/heidegritgroening.de\/wp-content\/uploads\/2023\/01\/Kuestenlandschaft_klein-1024x694.jpg\" alt=\"\" class=\"wp-image-700\" width=\"486\" height=\"329\" srcset=\"http:\/\/heidegritgroening.de\/wp-content\/uploads\/2023\/01\/Kuestenlandschaft_klein-1024x694.jpg 1024w, http:\/\/heidegritgroening.de\/wp-content\/uploads\/2023\/01\/Kuestenlandschaft_klein-500x339.jpg 500w, http:\/\/heidegritgroening.de\/wp-content\/uploads\/2023\/01\/Kuestenlandschaft_klein-768x521.jpg 768w, http:\/\/heidegritgroening.de\/wp-content\/uploads\/2023\/01\/Kuestenlandschaft_klein-1536x1041.jpg 1536w, http:\/\/heidegritgroening.de\/wp-content\/uploads\/2023\/01\/Kuestenlandschaft_klein-590x400.jpg 590w, http:\/\/heidegritgroening.de\/wp-content\/uploads\/2023\/01\/Kuestenlandschaft_klein-750x509.jpg 750w, http:\/\/heidegritgroening.de\/wp-content\/uploads\/2023\/01\/Kuestenlandschaft_klein-1500x1017.jpg 1500w, http:\/\/heidegritgroening.de\/wp-content\/uploads\/2023\/01\/Kuestenlandschaft_klein.jpg 1758w\" sizes=\"auto, (max-width: 486px) 100vw, 486px\" \/><\/figure>\n\n\n\n<p><\/p>\n\n\n\n<p>Es ist wieder so weit! <\/p>\n\n\n\n<p>Ich lade herzlich ein zur &#8222;boot 2023&#8220;. <\/p>\n\n\n\n<p>Au\u00dfer Wassersport gibt es auch wieder maritime Kunst in Halle 7.<\/p>\n\n\n\n<p>Am Stand B 16 \/ Halle 7 zeige ich grafische Arbeiten auf Seekarte. <\/p>\n\n\n\n<p>Auf den Spuren der Tiefenlinien sind neben gro\u00dfen Formaten auch Miniaturen mit erfrischendem Spa\u00df entstanden. Ich freue mich auf Ihren \/ euren Besuch!<\/p>\n\n\n\n<p><\/p>\n","protected":false},"excerpt":{"rendered":"<p>21. \u2013 29. 1. 2023boot \/ D\u00fcsseldorf, Internationale Bootsmesse\u2013 Maritime Kunst&nbsp;\u2013Stand: Halle 070, 70B16, Messe D\u00fcsseldorfGe\u00f6ffnet: t\u00e4glich von 10 \u2013 18 Uhr Es ist wieder so weit! Ich lade herzlich ein zur &#8222;boot 2023&#8220;. Au\u00dfer Wassersport gibt es auch wieder maritime Kunst in Halle 7. Am Stand B 16 \/ Halle 7 zeige ich grafische Arbeiten auf Seekarte. Auf den Spuren der Tiefenlinien sind neben gro\u00dfen Formaten auch Miniaturen mit erfrischendem Spa\u00df entstanden. Ich freue mich auf Ihren \/ euren<a class=\"entry-more\" href=\"http:\/\/heidegritgroening.de\/?p=699\">Read more<\/a><\/p>\n","protected":false},"author":2,"featured_media":689,"comment_status":"closed","ping_status":"closed","sticky":false,"template":"","format":"standard","meta":{"footnotes":""},"categories":[1],"tags":[],"class_list":["post-699","post","type-post","status-publish","format-standard","has-post-thumbnail","hentry","category-allgemein"],"_links":{"self":[{"href":"http:\/\/heidegritgroening.de\/index.php?rest_route=\/wp\/v2\/posts\/699","targetHints":{"allow":["GET"]}}],"collection":[{"href":"http:\/\/heidegritgroening.de\/index.php?rest_route=\/wp\/v2\/posts"}],"about":[{"href":"http:\/\/heidegritgroening.de\/index.php?rest_route=\/wp\/v2\/types\/post"}],"author":[{"embeddable":true,"href":"http:\/\/heidegritgroening.de\/index.php?rest_route=\/wp\/v2\/users\/2"}],"replies":[{"embeddable":true,"href":"http:\/\/heidegritgroening.de\/index.php?rest_route=%2Fwp%2Fv2%2Fcomments&post=699"}],"version-history":[{"count":3,"href":"http:\/\/heidegritgroening.de\/index.php?rest_route=\/wp\/v2\/posts\/699\/revisions"}],"predecessor-version":[{"id":731,"href":"http:\/\/heidegritgroening.de\/index.php?rest_route=\/wp\/v2\/posts\/699\/revisions\/731"}],"wp:featuredmedia":[{"embeddable":true,"href":"http:\/\/heidegritgroening.de\/index.php?rest_route=\/wp\/v2\/media\/689"}],"wp:attachment":[{"href":"http:\/\/heidegritgroening.de\/index.php?rest_route=%2Fwp%2Fv2%2Fmedia&parent=699"}],"wp:term":[{"taxonomy":"category","embeddable":true,"href":"http:\/\/heidegritgroening.de\/index.php?rest_route=%2Fwp%2Fv2%2Fcategories&post=699"},{"taxonomy":"post_tag","embeddable":true,"href":"http:\/\/heidegritgroening.de\/index.php?rest_route=%2Fwp%2Fv2%2Ftags&post=699"}],"curies":[{"name":"wp","href":"https:\/\/api.w.org\/{rel}","templated":true}]}}