{"id":273,"date":"2017-04-01T01:16:59","date_gmt":"2017-03-31T23:16:59","guid":{"rendered":"http:\/\/heidegritgroening.de\/?p=273"},"modified":"2017-04-02T20:30:06","modified_gmt":"2017-04-02T18:30:06","slug":"maenner-und-maennerinnen-2-4-12-5-2017","status":"publish","type":"post","link":"http:\/\/heidegritgroening.de\/?p=273","title":{"rendered":"M\u00e4nner und M\u00e4nnerinnen 2. 4. &#8211; 12. 5. 2017"},"content":{"rendered":"<p>&nbsp;<\/p>\n<p>Am 2. April 2017 wird\u00a0die Ausstellung<\/p>\n<p>&#8222;M\u00e4nner und M\u00e4nnerinnen&#8220;<\/p>\n<p>der Eiderstedter Gruppe &#8222;KunstKlima&#8220; um 15 Uhr im alten Rathaus Garding er\u00f6ffnet.<\/p>\n<p>Sie sind mit Ihren Freunden herzlich zur Vernissage eingeladen oder sich auch sp\u00e4ter die Schau zu diesem aktuellen und viel diskutierten Thema anzusehen.<\/p>\n<p>Kuratiert wird die Ausstellung von K\u00fcnstlern, die nicht der Gruppe &#8222;KunstKlima&#8220; angeh\u00f6ren.<\/p>\n<p>Auch f\u00fcr die teilnehmenden K\u00fcnstler ist es spannend, welches\u00a0ihrer zur Auswahl gestellten Werke zu sehen sein wird.<\/p>\n<p>&nbsp;<\/p>\n<p>Ort: Altes Rathaus, 25836Garding, Enge Str. 5<\/p>\n<p>\u00d6ffnungszeiten: 2.April &#8211; 12. Mai 2017,<\/p>\n<p>Do &#8211; So: 15 &#8211; 18 Uhr sowie am Markttag Die von 10 &#8211; 13 Uhr<\/p>\n<p>&nbsp;<\/p>\n<p><a href=\"http:\/\/heidegritgroening.de\/wp-content\/uploads\/2017\/04\/Einladung-Web-MM-final-2.pdf\">Einladung<\/a><\/p>\n","protected":false},"excerpt":{"rendered":"<p>&nbsp; Am 2. April 2017 wird\u00a0die Ausstellung &#8222;M\u00e4nner und M\u00e4nnerinnen&#8220; der Eiderstedter Gruppe &#8222;KunstKlima&#8220; um 15 Uhr im alten Rathaus Garding er\u00f6ffnet. Sie sind mit Ihren Freunden herzlich zur Vernissage eingeladen oder sich auch sp\u00e4ter die Schau zu diesem aktuellen und viel diskutierten Thema anzusehen. Kuratiert wird die Ausstellung von K\u00fcnstlern, die nicht der Gruppe &#8222;KunstKlima&#8220; angeh\u00f6ren. Auch f\u00fcr die teilnehmenden K\u00fcnstler ist es spannend, welches\u00a0ihrer zur Auswahl gestellten Werke zu sehen sein wird. &nbsp; Ort: Altes Rathaus, 25836Garding, Enge<a class=\"entry-more\" href=\"http:\/\/heidegritgroening.de\/?p=273\">Read more<\/a><\/p>\n","protected":false},"author":2,"featured_media":293,"comment_status":"closed","ping_status":"closed","sticky":false,"template":"","format":"standard","meta":{"footnotes":""},"categories":[1],"tags":[],"class_list":["post-273","post","type-post","status-publish","format-standard","has-post-thumbnail","hentry","category-allgemein"],"_links":{"self":[{"href":"http:\/\/heidegritgroening.de\/index.php?rest_route=\/wp\/v2\/posts\/273","targetHints":{"allow":["GET"]}}],"collection":[{"href":"http:\/\/heidegritgroening.de\/index.php?rest_route=\/wp\/v2\/posts"}],"about":[{"href":"http:\/\/heidegritgroening.de\/index.php?rest_route=\/wp\/v2\/types\/post"}],"author":[{"embeddable":true,"href":"http:\/\/heidegritgroening.de\/index.php?rest_route=\/wp\/v2\/users\/2"}],"replies":[{"embeddable":true,"href":"http:\/\/heidegritgroening.de\/index.php?rest_route=%2Fwp%2Fv2%2Fcomments&post=273"}],"version-history":[{"count":8,"href":"http:\/\/heidegritgroening.de\/index.php?rest_route=\/wp\/v2\/posts\/273\/revisions"}],"predecessor-version":[{"id":295,"href":"http:\/\/heidegritgroening.de\/index.php?rest_route=\/wp\/v2\/posts\/273\/revisions\/295"}],"wp:featuredmedia":[{"embeddable":true,"href":"http:\/\/heidegritgroening.de\/index.php?rest_route=\/wp\/v2\/media\/293"}],"wp:attachment":[{"href":"http:\/\/heidegritgroening.de\/index.php?rest_route=%2Fwp%2Fv2%2Fmedia&parent=273"}],"wp:term":[{"taxonomy":"category","embeddable":true,"href":"http:\/\/heidegritgroening.de\/index.php?rest_route=%2Fwp%2Fv2%2Fcategories&post=273"},{"taxonomy":"post_tag","embeddable":true,"href":"http:\/\/heidegritgroening.de\/index.php?rest_route=%2Fwp%2Fv2%2Ftags&post=273"}],"curies":[{"name":"wp","href":"https:\/\/api.w.org\/{rel}","templated":true}]}}