{"id":260,"date":"2017-01-07T23:54:17","date_gmt":"2017-01-07T22:54:17","guid":{"rendered":"http:\/\/heidegritgroening.de\/?p=260"},"modified":"2017-01-08T11:34:19","modified_gmt":"2017-01-08T10:34:19","slug":"wanderer-zwischen-den-welten","status":"publish","type":"post","link":"http:\/\/heidegritgroening.de\/?p=260","title":{"rendered":"Wanderer zwischen den Welten"},"content":{"rendered":"<p><img loading=\"lazy\" decoding=\"async\" class=\"alignnone size-medium wp-image-262\" src=\"http:\/\/heidegritgroening.de\/wp-content\/uploads\/2017\/01\/612k-Macht-im-Wandel-500x500.jpg\" alt=\"612k-macht-im-wandel\" width=\"500\" height=\"500\" srcset=\"http:\/\/heidegritgroening.de\/wp-content\/uploads\/2017\/01\/612k-Macht-im-Wandel-500x500.jpg 500w, http:\/\/heidegritgroening.de\/wp-content\/uploads\/2017\/01\/612k-Macht-im-Wandel-150x150.jpg 150w, http:\/\/heidegritgroening.de\/wp-content\/uploads\/2017\/01\/612k-Macht-im-Wandel-768x768.jpg 768w, http:\/\/heidegritgroening.de\/wp-content\/uploads\/2017\/01\/612k-Macht-im-Wandel-1024x1024.jpg 1024w, http:\/\/heidegritgroening.de\/wp-content\/uploads\/2017\/01\/612k-Macht-im-Wandel-400x400.jpg 400w, http:\/\/heidegritgroening.de\/wp-content\/uploads\/2017\/01\/612k-Macht-im-Wandel-480x480.jpg 480w, http:\/\/heidegritgroening.de\/wp-content\/uploads\/2017\/01\/612k-Macht-im-Wandel-960x960.jpg 960w, http:\/\/heidegritgroening.de\/wp-content\/uploads\/2017\/01\/612k-Macht-im-Wandel-750x750.jpg 750w, http:\/\/heidegritgroening.de\/wp-content\/uploads\/2017\/01\/612k-Macht-im-Wandel-1500x1500.jpg 1500w, http:\/\/heidegritgroening.de\/wp-content\/uploads\/2017\/01\/612k-Macht-im-Wandel-2048x2048.jpg 2048w, http:\/\/heidegritgroening.de\/wp-content\/uploads\/2017\/01\/612k-Macht-im-Wandel-600x600.jpg 600w, http:\/\/heidegritgroening.de\/wp-content\/uploads\/2017\/01\/612k-Macht-im-Wandel-50x50.jpg 50w\" sizes=\"auto, (max-width: 500px) 100vw, 500px\" \/><\/p>\n<p>12. Januar &#8211; 10. Februar 2017<\/p>\n<p>Ich lade Sie und Ihre Freunde\u00a0herzlich ein zu meiner Ausstellung &#8222;Wanderer zwischen den Welten&#8220;!<\/p>\n<p>Inspiriert\u00a0von\u00a0der Kultur der Maya &#8211; Ihren Glyphen und Abbildungen &#8211; sind freie Arbeiten in unterschiedlichen Formaten entstanden, die nun zum 3. Mal zur Ausstellung kommen.<\/p>\n<p>Vernissage: 12. Januar um 19:00Uhr<\/p>\n<p>Spracheninstitut &#8222;pro linguis&#8220;<\/p>\n<p>Hamburg, Rothenbaumchaussee 97\u00a0 (U-Bahn Hallerstr.)<\/p>\n<p>Mo-Fr 16-20Uhr, Sa und So geschlossen<\/p>\n<p>Ich freue mich, Sie bei der Vernissage begr\u00fc\u00dfen zu k\u00f6nnen. F\u00fcr sp\u00e4tere Termine bitte ich, einen Termin mit mir\u00a0zu vereinbaren.<\/p>\n","protected":false},"excerpt":{"rendered":"<p>12. Januar &#8211; 10. Februar 2017 Ich lade Sie und Ihre Freunde\u00a0herzlich ein zu meiner Ausstellung &#8222;Wanderer zwischen den Welten&#8220;! Inspiriert\u00a0von\u00a0der Kultur der Maya &#8211; Ihren Glyphen und Abbildungen &#8211; sind freie Arbeiten in unterschiedlichen Formaten entstanden, die nun zum 3. Mal zur Ausstellung kommen. Vernissage: 12. Januar um 19:00Uhr Spracheninstitut &#8222;pro linguis&#8220; Hamburg, Rothenbaumchaussee 97\u00a0 (U-Bahn Hallerstr.) Mo-Fr 16-20Uhr, Sa und So geschlossen Ich freue mich, Sie bei der Vernissage begr\u00fc\u00dfen zu k\u00f6nnen. F\u00fcr sp\u00e4tere Termine bitte ich, einen<a class=\"entry-more\" href=\"http:\/\/heidegritgroening.de\/?p=260\">Read more<\/a><\/p>\n","protected":false},"author":2,"featured_media":262,"comment_status":"closed","ping_status":"closed","sticky":false,"template":"","format":"standard","meta":{"footnotes":""},"categories":[1],"tags":[],"class_list":["post-260","post","type-post","status-publish","format-standard","has-post-thumbnail","hentry","category-allgemein"],"_links":{"self":[{"href":"http:\/\/heidegritgroening.de\/index.php?rest_route=\/wp\/v2\/posts\/260","targetHints":{"allow":["GET"]}}],"collection":[{"href":"http:\/\/heidegritgroening.de\/index.php?rest_route=\/wp\/v2\/posts"}],"about":[{"href":"http:\/\/heidegritgroening.de\/index.php?rest_route=\/wp\/v2\/types\/post"}],"author":[{"embeddable":true,"href":"http:\/\/heidegritgroening.de\/index.php?rest_route=\/wp\/v2\/users\/2"}],"replies":[{"embeddable":true,"href":"http:\/\/heidegritgroening.de\/index.php?rest_route=%2Fwp%2Fv2%2Fcomments&post=260"}],"version-history":[{"count":1,"href":"http:\/\/heidegritgroening.de\/index.php?rest_route=\/wp\/v2\/posts\/260\/revisions"}],"predecessor-version":[{"id":263,"href":"http:\/\/heidegritgroening.de\/index.php?rest_route=\/wp\/v2\/posts\/260\/revisions\/263"}],"wp:featuredmedia":[{"embeddable":true,"href":"http:\/\/heidegritgroening.de\/index.php?rest_route=\/wp\/v2\/media\/262"}],"wp:attachment":[{"href":"http:\/\/heidegritgroening.de\/index.php?rest_route=%2Fwp%2Fv2%2Fmedia&parent=260"}],"wp:term":[{"taxonomy":"category","embeddable":true,"href":"http:\/\/heidegritgroening.de\/index.php?rest_route=%2Fwp%2Fv2%2Fcategories&post=260"},{"taxonomy":"post_tag","embeddable":true,"href":"http:\/\/heidegritgroening.de\/index.php?rest_route=%2Fwp%2Fv2%2Ftags&post=260"}],"curies":[{"name":"wp","href":"https:\/\/api.w.org\/{rel}","templated":true}]}}