{"id":190,"date":"2015-10-22T21:36:48","date_gmt":"2015-10-22T19:36:48","guid":{"rendered":"http:\/\/heidegritgroening.de\/?p=190"},"modified":"2015-10-22T21:38:03","modified_gmt":"2015-10-22T19:38:03","slug":"amsterdam","status":"publish","type":"post","link":"http:\/\/heidegritgroening.de\/?p=190","title":{"rendered":"Amsterdam&#8230;"},"content":{"rendered":"<p>&#8230;\u00a0ist eine Reise wert!<\/p>\n<p>Die &#8222;Art Fair Amsterdam&#8220; war ein gut besuchtes, sehr gelungenes Event mit internationalen Kontakten.\u00a0Die Konkurrenz war gro\u00df, die Ausstellungsfl\u00e4che klein! So hingen die unterschiedlichsten Stile dicht gedr\u00e4ngt.\u00a0Durchaus eine Herausforderung f\u00fcr die Besucher! Geschick war schon notwendig, um auf den Inhalt des eigenen Meters aufmerksam zu machen.<\/p>\n<p>Eine Unternehmung besonderer Art war auch die Bahnreise mit meinem 1,70m langen Bilderpaket nach Amsterdam.\u00a0Eine Grachtenfahrt vor der Abreise durfte nat\u00fcrlich nicht fehlen &#8211; am fr\u00fchen Morgen im kleinen Boot ein Genuss.<\/p>\n<p>Ob ich die Einladungen zur &#8222;Art Fair Rotterdam&#8220; wahrmache, steht noch nicht fest. Wenn ja, dann auf jeden Fall mit 2m Ausstellungsfl\u00e4che und &#8211; einem Stuhl!<\/p>\n<figure id=\"attachment_192\" aria-describedby=\"caption-attachment-192\" style=\"width: 400px\" class=\"wp-caption alignleft\"><img loading=\"lazy\" decoding=\"async\" class=\"size-full wp-image-192\" src=\"http:\/\/heidegritgroening.de\/wp-content\/uploads\/2015\/10\/IMG_1220-e1445542496908.jpg\" alt=\"Mit meinen Nachbark\u00fcnstlerinnen aus Italien, Russland und der Schweiz\" width=\"400\" height=\"300\" \/><figcaption id=\"caption-attachment-192\" class=\"wp-caption-text\">Mit meinen Nachbark\u00fcnstlerinnen aus Italien, Russland und der Schweiz<\/figcaption><\/figure>\n<figure id=\"attachment_193\" aria-describedby=\"caption-attachment-193\" style=\"width: 300px\" class=\"wp-caption alignleft\"><img loading=\"lazy\" decoding=\"async\" class=\"size-full wp-image-193\" src=\"http:\/\/heidegritgroening.de\/wp-content\/uploads\/2015\/10\/IMG_1259-e1445542536190.jpg\" alt=\"Besuch einer K\u00fcnstlerin aus England\" width=\"300\" height=\"400\" \/><figcaption id=\"caption-attachment-193\" class=\"wp-caption-text\">Besuch einer K\u00fcnstlerin aus England<\/figcaption><\/figure>\n<figure id=\"attachment_191\" aria-describedby=\"caption-attachment-191\" style=\"width: 400px\" class=\"wp-caption alignleft\"><img loading=\"lazy\" decoding=\"async\" class=\"size-full wp-image-191\" src=\"http:\/\/heidegritgroening.de\/wp-content\/uploads\/2015\/10\/IMG_1205-e1445542462311.jpg\" alt=\"Bahnreise mit Langformat\" width=\"400\" height=\"300\" \/><figcaption id=\"caption-attachment-191\" class=\"wp-caption-text\">Bahnreise mit Langformat<\/figcaption><\/figure>\n","protected":false},"excerpt":{"rendered":"<p>&#8230;\u00a0ist eine Reise wert! Die &#8222;Art Fair Amsterdam&#8220; war ein gut besuchtes, sehr gelungenes Event mit internationalen Kontakten.\u00a0Die Konkurrenz war gro\u00df, die Ausstellungsfl\u00e4che klein! So hingen die unterschiedlichsten Stile dicht gedr\u00e4ngt.\u00a0Durchaus eine Herausforderung f\u00fcr die Besucher! Geschick war schon notwendig, um auf den Inhalt des eigenen Meters aufmerksam zu machen. Eine Unternehmung besonderer Art war auch die Bahnreise mit meinem 1,70m langen Bilderpaket nach Amsterdam.\u00a0Eine Grachtenfahrt vor der Abreise durfte nat\u00fcrlich nicht fehlen &#8211; am fr\u00fchen Morgen im kleinen Boot<a class=\"entry-more\" href=\"http:\/\/heidegritgroening.de\/?p=190\">Read more<\/a><\/p>\n","protected":false},"author":1,"featured_media":192,"comment_status":"closed","ping_status":"closed","sticky":false,"template":"","format":"standard","meta":{"footnotes":""},"categories":[1],"tags":[],"class_list":["post-190","post","type-post","status-publish","format-standard","has-post-thumbnail","hentry","category-allgemein"],"_links":{"self":[{"href":"http:\/\/heidegritgroening.de\/index.php?rest_route=\/wp\/v2\/posts\/190","targetHints":{"allow":["GET"]}}],"collection":[{"href":"http:\/\/heidegritgroening.de\/index.php?rest_route=\/wp\/v2\/posts"}],"about":[{"href":"http:\/\/heidegritgroening.de\/index.php?rest_route=\/wp\/v2\/types\/post"}],"author":[{"embeddable":true,"href":"http:\/\/heidegritgroening.de\/index.php?rest_route=\/wp\/v2\/users\/1"}],"replies":[{"embeddable":true,"href":"http:\/\/heidegritgroening.de\/index.php?rest_route=%2Fwp%2Fv2%2Fcomments&post=190"}],"version-history":[{"count":1,"href":"http:\/\/heidegritgroening.de\/index.php?rest_route=\/wp\/v2\/posts\/190\/revisions"}],"predecessor-version":[{"id":195,"href":"http:\/\/heidegritgroening.de\/index.php?rest_route=\/wp\/v2\/posts\/190\/revisions\/195"}],"wp:featuredmedia":[{"embeddable":true,"href":"http:\/\/heidegritgroening.de\/index.php?rest_route=\/wp\/v2\/media\/192"}],"wp:attachment":[{"href":"http:\/\/heidegritgroening.de\/index.php?rest_route=%2Fwp%2Fv2%2Fmedia&parent=190"}],"wp:term":[{"taxonomy":"category","embeddable":true,"href":"http:\/\/heidegritgroening.de\/index.php?rest_route=%2Fwp%2Fv2%2Fcategories&post=190"},{"taxonomy":"post_tag","embeddable":true,"href":"http:\/\/heidegritgroening.de\/index.php?rest_route=%2Fwp%2Fv2%2Ftags&post=190"}],"curies":[{"name":"wp","href":"https:\/\/api.w.org\/{rel}","templated":true}]}}